{"id":2085,"date":"2022-06-29T14:50:03","date_gmt":"2022-06-29T18:50:03","guid":{"rendered":"https:\/\/cpschy.org\/?p=2085"},"modified":"2022-07-26T15:24:47","modified_gmt":"2022-07-26T19:24:47","slug":"alerte-emploi-remplacement-temporaire-adjointe-a-ladministration-receptionniste","status":"publish","type":"post","link":"https:\/\/cpschy.org\/en\/2022\/06\/29\/alerte-emploi-remplacement-temporaire-adjointe-a-ladministration-receptionniste\/","title":{"rendered":"POSTE COMBL\u00c9 &#8211; Alerte emploi : Remplacement temporaire &#8211; Adjoint(e) \u00e0 l&rsquo;administration \/ r\u00e9ceptionniste"},"content":{"rendered":"<p><strong>CE POSTE A \u00c9T\u00c9 COMBL\u00c9.<\/strong><\/p>\n\n\n\n<p>Poste temporaire \u00e0 dur\u00e9e ind\u00e9termin\u00e9e \u00e0 combler dans notre \u00e9quipe de feu!<\/p>\n\n\n\n<p>Adjoint(e) \u00e0 l&rsquo;administration\/r\u00e9ceptionniste<br>Pr\u00eat \u00e0 joindre notre \u00e9quipe? Envoyez votre Curriculum Vitae et lettre de pr\u00e9sentation au : dg@cpschy.org.<br>DATE D\u2019ENTR\u00c9E EN FONCTION : Juin 2022<br>SECTEUR : Granby<br>TITRE DU POSTE DU SUP\u00c9RIEUR IMM\u00c9DIAT : Directrice g\u00e9n\u00e9rale<br>5 jours \/ semaine 35 h semaine lundi au vendredi 8 :30 \u00e0 16 :30<\/p>\n\n\n\n<p>COMP\u00c9TENCES RECHERCH\u00c9ES :<br>Avoir une tr\u00e8s bonne connaissance des diff\u00e9rents programmes informatiques de gestion (suite Office, logiciel de comptabilit\u00e9, etc.);<br>Poss\u00e9der une excellente qualit\u00e9 de fran\u00e7ais \u00e9crit et parl\u00e9;<br>R\u00e9pondre au t\u00e9l\u00e9phone avec bienveillance;<br>\u00catre capable de travailler en \u00e9quipe;<br>Savoir s\u2019adapter aux changements;<br>Aimer relever de nombreux d\u00e9fis;<br>\u00catre apte \u00e0 offrir un excellent service \u00e0 la client\u00e8le;<br>Aimer travailler dans un cadre cr\u00e9atif et effervescent;<br>Faire preuve de dynamisme et de professionnalisme;<br>Poss\u00e9der un bon sens de l\u2019organisation, de la rigueur;<br>\u00catre \u00e0 l\u2019aise avec les r\u00e9seaux sociaux.<\/p>\n\n\n\n<p>T\u00c2CHES :<\/p>\n\n\n\n<ol class=\"wp-block-list\"><li>Accueil et t\u00e9l\u00e9phone :<br>Accueillir la client\u00e8le, les visiteurs, les partenaires et les donateurs se pr\u00e9sentant au centre de p\u00e9diatrie sociale de fa\u00e7on courtoise et attentionn\u00e9e.<br>Suivre rigoureusement le protocole d\u2019accueil en vigueur dans toutes ses interventions t\u00e9l\u00e9phoniques et en personne. G\u00e9rer les prises de rendez-vous aupr\u00e8s des familles, des partenaires et des membres de l\u2019\u00e9quipe de services.<br>Confirmer les rendez-vous.<\/li><li>Administration des dossiers m\u00e9dicaux :<br>Ouvrir les nouveaux dossiers.<br>G\u00e9rer l\u2019ensemble des formulaires n\u00e9cessaires au suivi des dossiers.<br>Classer les documents.<br>Tenir les dossiers \u00e9lectroniques et physique \u00e0 jour.<br>Mettre en place des outils de suivi.<br>Construire l\u2019horaire des m\u00e9decins.<\/li><li>Autres t\u00e2ches de bureau :<br>Coordonner et effectuer les activit\u00e9s reli\u00e9es au courriel et au t\u00e9l\u00e9copieur.<br>Effectuer, au besoin, des t\u00e2ches de traitement de textes et d\u2019entr\u00e9es de donn\u00e9es.<br>S\u2019assurer du bon ordre de l\u2019aire d\u2019accueil, de la salle d\u2019attente, des salles cliniques et de la cuisine.<br>Responsabilit\u00e9 de la gestion des b\u00e9n\u00e9voles r\u00e9guliers.<br>Participer \u00e0 l\u2019organisation d\u2019\u00e9v\u00e9nements sp\u00e9ciaux (Guignol\u00e9e du Dr Julien, soir\u00e9e b\u00e9n\u00e9fice, etc.).<br>Proc\u00e9der \u00e0 la gestion de l\u2019inventaire du mat\u00e9riel n\u00e9cessaire pour les rencontres cliniques et l\u2019entretien du centre de p\u00e9diatrie sociale.<br>Aider \u00e0 compl\u00e9ter les formulaires d\u2019inscription pour les diff\u00e9rentes offres faites \u00e0 la client\u00e8le.<br>Offrir du soutien \u00e0 la direction g\u00e9n\u00e9rale.<br>Assurer la comptabilit\u00e9 de base (suivi de la facturation et des comptes \u00e0 recevoir, etc.).<\/li><li>T\u00e2ches non mentionn\u00e9es ci-haut :<br>Passer les commandes SOS d\u00e9pannage.<br>Inviter familles lors d\u2019invitation activit\u00e9s des partenaires (zoo, pi\u00e8ce de th\u00e9\u00e2tre, bo\u00eete \u00e0 jardiner) et assurer suivi aupr\u00e8s des partenaires.<br>Compl\u00e9ter formulaire avec familles (demande d\u2019allocation familiale, subvention enfants handicap\u00e9s, dossier Revenu Qu\u00e9bec).<br>Compl\u00e9ter demandes de v\u00eatements aupr\u00e8s organisme soutien Xtr\u00e8me.<br>Compl\u00e9ter re\u00e7us dons et lettres de remerciements.<br>Faire statistiques (chaque d\u00e9but du mois) : nombre usagers\/TS, liste d\u2019attente, liste tous usagers.<br>Aider stagiaire ergo pour imprimer\/plastifier et installer documents.<br>Inscrire tous les nouveaux employ\u00e9s sur l\u2019Institut de la p\u00e9diatrie sociale pour les formations.<br>Donner formation base de donn\u00e9es.<br>Cr\u00e9er affiche\/d\u00e9pliant pour projet (Reaching out Waterloo, carte postale pour Guignol\u00e9e).<br><\/li><li>Salaire entre 18,00$\/h et 21,85$\/h selon exp\u00e9rience et qualifications<\/li><\/ol>","protected":false},"excerpt":{"rendered":"<p>CE POSTE A \u00c9T\u00c9 COMBL\u00c9. Poste temporaire \u00e0 dur\u00e9e ind\u00e9termin\u00e9e \u00e0 combler dans notre \u00e9quipe de feu! Adjoint(e) \u00e0 l&rsquo;administration\/r\u00e9ceptionnistePr\u00eat \u00e0 joindre notre \u00e9quipe? Envoyez votre Curriculum Vitae et lettre [&hellip;]<\/p>\n","protected":false},"author":7,"featured_media":2086,"comment_status":"closed","ping_status":"closed","sticky":false,"template":"","format":"standard","meta":{"footnotes":""},"categories":[1],"tags":[],"class_list":["post-2085","post","type-post","status-publish","format-standard","has-post-thumbnail","hentry","category-non-classe"],"yoast_head":"<!-- This site is optimized with the Yoast SEO plugin v27.5 - https:\/\/yoast.com\/product\/yoast-seo-wordpress\/ -->\n<title>POSTE COMBL\u00c9 - Alerte emploi : Remplacement temporaire - Adjoint(e) \u00e0 l&#039;administration \/ r\u00e9ceptionniste - Centre de P\u00e9diatrie Sociale Communautaire de la Haute-Yamaska<\/title>\n<meta name=\"robots\" content=\"index, follow, max-snippet:-1, max-image-preview:large, max-video-preview:-1\" \/>\n<link rel=\"canonical\" href=\"https:\/\/cpschy.org\/en\/2022\/06\/29\/alerte-emploi-remplacement-temporaire-adjointe-a-ladministration-receptionniste\/\" \/>\n<meta property=\"og:locale\" content=\"en_US\" \/>\n<meta property=\"og:type\" content=\"article\" \/>\n<meta property=\"og:title\" content=\"POSTE COMBL\u00c9 - Alerte emploi : Remplacement temporaire - Adjoint(e) \u00e0 l&#039;administration \/ r\u00e9ceptionniste - Centre de P\u00e9diatrie Sociale Communautaire de la Haute-Yamaska\" \/>\n<meta property=\"og:description\" content=\"CE POSTE A \u00c9T\u00c9 COMBL\u00c9. Poste temporaire \u00e0 dur\u00e9e ind\u00e9termin\u00e9e \u00e0 combler dans notre \u00e9quipe de feu! Adjoint(e) \u00e0 l&rsquo;administration\/r\u00e9ceptionnistePr\u00eat \u00e0 joindre notre \u00e9quipe? Envoyez votre Curriculum Vitae et lettre [&hellip;]\" \/>\n<meta property=\"og:url\" content=\"https:\/\/cpschy.org\/en\/2022\/06\/29\/alerte-emploi-remplacement-temporaire-adjointe-a-ladministration-receptionniste\/\" \/>\n<meta property=\"og:site_name\" content=\"Centre de P\u00e9diatrie Sociale Communautaire de la Haute-Yamaska\" \/>\n<meta property=\"article:publisher\" content=\"https:\/\/www.facebook.com\/CPSCHY\/\" \/>\n<meta property=\"article:published_time\" content=\"2022-06-29T18:50:03+00:00\" \/>\n<meta property=\"article:modified_time\" content=\"2022-07-26T19:24:47+00:00\" \/>\n<meta property=\"og:image\" content=\"https:\/\/cpschy.org\/wp-content\/uploads\/2022\/06\/home-office-g737587d4b_1280.jpg\" \/>\n\t<meta property=\"og:image:width\" content=\"1280\" \/>\n\t<meta property=\"og:image:height\" content=\"853\" \/>\n\t<meta property=\"og:image:type\" content=\"image\/jpeg\" \/>\n<meta name=\"author\" content=\"Patricia Roy\" \/>\n<meta name=\"twitter:card\" content=\"summary_large_image\" \/>\n<meta name=\"twitter:label1\" content=\"Written by\" \/>\n\t<meta name=\"twitter:data1\" content=\"Patricia Roy\" \/>\n\t<meta name=\"twitter:label2\" content=\"Est. reading time\" \/>\n\t<meta name=\"twitter:data2\" content=\"3 minutes\" \/>\n<script type=\"application\/ld+json\" class=\"yoast-schema-graph\">{\"@context\":\"https:\\\/\\\/schema.org\",\"@graph\":[{\"@type\":\"Article\",\"@id\":\"https:\\\/\\\/cpschy.org\\\/2022\\\/06\\\/29\\\/alerte-emploi-remplacement-temporaire-adjointe-a-ladministration-receptionniste\\\/#article\",\"isPartOf\":{\"@id\":\"https:\\\/\\\/cpschy.org\\\/2022\\\/06\\\/29\\\/alerte-emploi-remplacement-temporaire-adjointe-a-ladministration-receptionniste\\\/\"},\"author\":{\"name\":\"Patricia Roy\",\"@id\":\"https:\\\/\\\/cpschy.org\\\/#\\\/schema\\\/person\\\/3f13c8930a9c38b05909dee0b7d23a33\"},\"headline\":\"POSTE COMBL\u00c9 &#8211; Alerte emploi : Remplacement temporaire &#8211; Adjoint(e) \u00e0 l&rsquo;administration \\\/ r\u00e9ceptionniste\",\"datePublished\":\"2022-06-29T18:50:03+00:00\",\"dateModified\":\"2022-07-26T19:24:47+00:00\",\"mainEntityOfPage\":{\"@id\":\"https:\\\/\\\/cpschy.org\\\/2022\\\/06\\\/29\\\/alerte-emploi-remplacement-temporaire-adjointe-a-ladministration-receptionniste\\\/\"},\"wordCount\":601,\"publisher\":{\"@id\":\"https:\\\/\\\/cpschy.org\\\/#organization\"},\"image\":{\"@id\":\"https:\\\/\\\/cpschy.org\\\/2022\\\/06\\\/29\\\/alerte-emploi-remplacement-temporaire-adjointe-a-ladministration-receptionniste\\\/#primaryimage\"},\"thumbnailUrl\":\"https:\\\/\\\/cpschy.org\\\/wp-content\\\/uploads\\\/2022\\\/06\\\/home-office-g737587d4b_1280.jpg\",\"articleSection\":[\"Non class\u00e9\"],\"inLanguage\":\"en-CA\"},{\"@type\":\"WebPage\",\"@id\":\"https:\\\/\\\/cpschy.org\\\/2022\\\/06\\\/29\\\/alerte-emploi-remplacement-temporaire-adjointe-a-ladministration-receptionniste\\\/\",\"url\":\"https:\\\/\\\/cpschy.org\\\/2022\\\/06\\\/29\\\/alerte-emploi-remplacement-temporaire-adjointe-a-ladministration-receptionniste\\\/\",\"name\":\"POSTE COMBL\u00c9 - Alerte emploi : Remplacement temporaire - Adjoint(e) \u00e0 l'administration \\\/ r\u00e9ceptionniste - Centre de P\u00e9diatrie Sociale Communautaire de la Haute-Yamaska\",\"isPartOf\":{\"@id\":\"https:\\\/\\\/cpschy.org\\\/#website\"},\"primaryImageOfPage\":{\"@id\":\"https:\\\/\\\/cpschy.org\\\/2022\\\/06\\\/29\\\/alerte-emploi-remplacement-temporaire-adjointe-a-ladministration-receptionniste\\\/#primaryimage\"},\"image\":{\"@id\":\"https:\\\/\\\/cpschy.org\\\/2022\\\/06\\\/29\\\/alerte-emploi-remplacement-temporaire-adjointe-a-ladministration-receptionniste\\\/#primaryimage\"},\"thumbnailUrl\":\"https:\\\/\\\/cpschy.org\\\/wp-content\\\/uploads\\\/2022\\\/06\\\/home-office-g737587d4b_1280.jpg\",\"datePublished\":\"2022-06-29T18:50:03+00:00\",\"dateModified\":\"2022-07-26T19:24:47+00:00\",\"breadcrumb\":{\"@id\":\"https:\\\/\\\/cpschy.org\\\/2022\\\/06\\\/29\\\/alerte-emploi-remplacement-temporaire-adjointe-a-ladministration-receptionniste\\\/#breadcrumb\"},\"inLanguage\":\"en-CA\",\"potentialAction\":[{\"@type\":\"ReadAction\",\"target\":[\"https:\\\/\\\/cpschy.org\\\/2022\\\/06\\\/29\\\/alerte-emploi-remplacement-temporaire-adjointe-a-ladministration-receptionniste\\\/\"]}]},{\"@type\":\"ImageObject\",\"inLanguage\":\"en-CA\",\"@id\":\"https:\\\/\\\/cpschy.org\\\/2022\\\/06\\\/29\\\/alerte-emploi-remplacement-temporaire-adjointe-a-ladministration-receptionniste\\\/#primaryimage\",\"url\":\"https:\\\/\\\/cpschy.org\\\/wp-content\\\/uploads\\\/2022\\\/06\\\/home-office-g737587d4b_1280.jpg\",\"contentUrl\":\"https:\\\/\\\/cpschy.org\\\/wp-content\\\/uploads\\\/2022\\\/06\\\/home-office-g737587d4b_1280.jpg\",\"width\":1280,\"height\":853},{\"@type\":\"BreadcrumbList\",\"@id\":\"https:\\\/\\\/cpschy.org\\\/2022\\\/06\\\/29\\\/alerte-emploi-remplacement-temporaire-adjointe-a-ladministration-receptionniste\\\/#breadcrumb\",\"itemListElement\":[{\"@type\":\"ListItem\",\"position\":1,\"name\":\"Accueil\",\"item\":\"https:\\\/\\\/cpschy.org\\\/\"},{\"@type\":\"ListItem\",\"position\":2,\"name\":\"POSTE COMBL\u00c9 &#8211; Alerte emploi : Remplacement temporaire &#8211; Adjoint(e) \u00e0 l&rsquo;administration \\\/ r\u00e9ceptionniste\"}]},{\"@type\":\"WebSite\",\"@id\":\"https:\\\/\\\/cpschy.org\\\/#website\",\"url\":\"https:\\\/\\\/cpschy.org\\\/\",\"name\":\"Centre de P\u00e9diatrie Sociale Communautaire de la Haute-Yamaska\",\"description\":\"CPSCHY\",\"publisher\":{\"@id\":\"https:\\\/\\\/cpschy.org\\\/#organization\"},\"potentialAction\":[{\"@type\":\"SearchAction\",\"target\":{\"@type\":\"EntryPoint\",\"urlTemplate\":\"https:\\\/\\\/cpschy.org\\\/?s={search_term_string}\"},\"query-input\":{\"@type\":\"PropertyValueSpecification\",\"valueRequired\":true,\"valueName\":\"search_term_string\"}}],\"inLanguage\":\"en-CA\"},{\"@type\":\"Organization\",\"@id\":\"https:\\\/\\\/cpschy.org\\\/#organization\",\"name\":\"Centre de P\u00e9diatrie Sociale Communautaire de la Haute-Yamaska\",\"url\":\"https:\\\/\\\/cpschy.org\\\/\",\"logo\":{\"@type\":\"ImageObject\",\"inLanguage\":\"en-CA\",\"@id\":\"https:\\\/\\\/cpschy.org\\\/#\\\/schema\\\/logo\\\/image\\\/\",\"url\":\"https:\\\/\\\/cpschy.org\\\/wp-content\\\/uploads\\\/2021\\\/04\\\/logo_web_cpschy.png\",\"contentUrl\":\"https:\\\/\\\/cpschy.org\\\/wp-content\\\/uploads\\\/2021\\\/04\\\/logo_web_cpschy.png\",\"width\":1251,\"height\":341,\"caption\":\"Centre de P\u00e9diatrie Sociale Communautaire de la Haute-Yamaska\"},\"image\":{\"@id\":\"https:\\\/\\\/cpschy.org\\\/#\\\/schema\\\/logo\\\/image\\\/\"},\"sameAs\":[\"https:\\\/\\\/www.facebook.com\\\/CPSCHY\\\/\"]},{\"@type\":\"Person\",\"@id\":\"https:\\\/\\\/cpschy.org\\\/#\\\/schema\\\/person\\\/3f13c8930a9c38b05909dee0b7d23a33\",\"name\":\"Patricia Roy\",\"image\":{\"@type\":\"ImageObject\",\"inLanguage\":\"en-CA\",\"@id\":\"https:\\\/\\\/secure.gravatar.com\\\/avatar\\\/e44bf8779911d70a2a2980200457b2fbe53764882982ee15b3299393f09ac38a?s=96&d=mm&r=g\",\"url\":\"https:\\\/\\\/secure.gravatar.com\\\/avatar\\\/e44bf8779911d70a2a2980200457b2fbe53764882982ee15b3299393f09ac38a?s=96&d=mm&r=g\",\"contentUrl\":\"https:\\\/\\\/secure.gravatar.com\\\/avatar\\\/e44bf8779911d70a2a2980200457b2fbe53764882982ee15b3299393f09ac38a?s=96&d=mm&r=g\",\"caption\":\"Patricia Roy\"},\"url\":\"https:\\\/\\\/cpschy.org\\\/en\\\/author\\\/cohesionrh\\\/\"}]}<\/script>\n<!-- \/ Yoast SEO plugin. -->","yoast_head_json":{"title":"POSTE COMBL\u00c9 - Alerte emploi : Remplacement temporaire - Adjoint(e) \u00e0 l'administration \/ r\u00e9ceptionniste - Centre de P\u00e9diatrie Sociale Communautaire de la Haute-Yamaska","robots":{"index":"index","follow":"follow","max-snippet":"max-snippet:-1","max-image-preview":"max-image-preview:large","max-video-preview":"max-video-preview:-1"},"canonical":"https:\/\/cpschy.org\/en\/2022\/06\/29\/alerte-emploi-remplacement-temporaire-adjointe-a-ladministration-receptionniste\/","og_locale":"en_US","og_type":"article","og_title":"POSTE COMBL\u00c9 - Alerte emploi : Remplacement temporaire - Adjoint(e) \u00e0 l'administration \/ r\u00e9ceptionniste - Centre de P\u00e9diatrie Sociale Communautaire de la Haute-Yamaska","og_description":"CE POSTE A \u00c9T\u00c9 COMBL\u00c9. Poste temporaire \u00e0 dur\u00e9e ind\u00e9termin\u00e9e \u00e0 combler dans notre \u00e9quipe de feu! Adjoint(e) \u00e0 l&rsquo;administration\/r\u00e9ceptionnistePr\u00eat \u00e0 joindre notre \u00e9quipe? Envoyez votre Curriculum Vitae et lettre [&hellip;]","og_url":"https:\/\/cpschy.org\/en\/2022\/06\/29\/alerte-emploi-remplacement-temporaire-adjointe-a-ladministration-receptionniste\/","og_site_name":"Centre de P\u00e9diatrie Sociale Communautaire de la Haute-Yamaska","article_publisher":"https:\/\/www.facebook.com\/CPSCHY\/","article_published_time":"2022-06-29T18:50:03+00:00","article_modified_time":"2022-07-26T19:24:47+00:00","og_image":[{"width":1280,"height":853,"url":"https:\/\/cpschy.org\/wp-content\/uploads\/2022\/06\/home-office-g737587d4b_1280.jpg","type":"image\/jpeg"}],"author":"Patricia Roy","twitter_card":"summary_large_image","twitter_misc":{"Written by":"Patricia Roy","Est. reading time":"3 minutes"},"schema":{"@context":"https:\/\/schema.org","@graph":[{"@type":"Article","@id":"https:\/\/cpschy.org\/2022\/06\/29\/alerte-emploi-remplacement-temporaire-adjointe-a-ladministration-receptionniste\/#article","isPartOf":{"@id":"https:\/\/cpschy.org\/2022\/06\/29\/alerte-emploi-remplacement-temporaire-adjointe-a-ladministration-receptionniste\/"},"author":{"name":"Patricia Roy","@id":"https:\/\/cpschy.org\/#\/schema\/person\/3f13c8930a9c38b05909dee0b7d23a33"},"headline":"POSTE COMBL\u00c9 &#8211; Alerte emploi : Remplacement temporaire &#8211; Adjoint(e) \u00e0 l&rsquo;administration \/ r\u00e9ceptionniste","datePublished":"2022-06-29T18:50:03+00:00","dateModified":"2022-07-26T19:24:47+00:00","mainEntityOfPage":{"@id":"https:\/\/cpschy.org\/2022\/06\/29\/alerte-emploi-remplacement-temporaire-adjointe-a-ladministration-receptionniste\/"},"wordCount":601,"publisher":{"@id":"https:\/\/cpschy.org\/#organization"},"image":{"@id":"https:\/\/cpschy.org\/2022\/06\/29\/alerte-emploi-remplacement-temporaire-adjointe-a-ladministration-receptionniste\/#primaryimage"},"thumbnailUrl":"https:\/\/cpschy.org\/wp-content\/uploads\/2022\/06\/home-office-g737587d4b_1280.jpg","articleSection":["Non class\u00e9"],"inLanguage":"en-CA"},{"@type":"WebPage","@id":"https:\/\/cpschy.org\/2022\/06\/29\/alerte-emploi-remplacement-temporaire-adjointe-a-ladministration-receptionniste\/","url":"https:\/\/cpschy.org\/2022\/06\/29\/alerte-emploi-remplacement-temporaire-adjointe-a-ladministration-receptionniste\/","name":"POSTE COMBL\u00c9 - Alerte emploi : Remplacement temporaire - Adjoint(e) \u00e0 l'administration \/ r\u00e9ceptionniste - Centre de P\u00e9diatrie Sociale Communautaire de la Haute-Yamaska","isPartOf":{"@id":"https:\/\/cpschy.org\/#website"},"primaryImageOfPage":{"@id":"https:\/\/cpschy.org\/2022\/06\/29\/alerte-emploi-remplacement-temporaire-adjointe-a-ladministration-receptionniste\/#primaryimage"},"image":{"@id":"https:\/\/cpschy.org\/2022\/06\/29\/alerte-emploi-remplacement-temporaire-adjointe-a-ladministration-receptionniste\/#primaryimage"},"thumbnailUrl":"https:\/\/cpschy.org\/wp-content\/uploads\/2022\/06\/home-office-g737587d4b_1280.jpg","datePublished":"2022-06-29T18:50:03+00:00","dateModified":"2022-07-26T19:24:47+00:00","breadcrumb":{"@id":"https:\/\/cpschy.org\/2022\/06\/29\/alerte-emploi-remplacement-temporaire-adjointe-a-ladministration-receptionniste\/#breadcrumb"},"inLanguage":"en-CA","potentialAction":[{"@type":"ReadAction","target":["https:\/\/cpschy.org\/2022\/06\/29\/alerte-emploi-remplacement-temporaire-adjointe-a-ladministration-receptionniste\/"]}]},{"@type":"ImageObject","inLanguage":"en-CA","@id":"https:\/\/cpschy.org\/2022\/06\/29\/alerte-emploi-remplacement-temporaire-adjointe-a-ladministration-receptionniste\/#primaryimage","url":"https:\/\/cpschy.org\/wp-content\/uploads\/2022\/06\/home-office-g737587d4b_1280.jpg","contentUrl":"https:\/\/cpschy.org\/wp-content\/uploads\/2022\/06\/home-office-g737587d4b_1280.jpg","width":1280,"height":853},{"@type":"BreadcrumbList","@id":"https:\/\/cpschy.org\/2022\/06\/29\/alerte-emploi-remplacement-temporaire-adjointe-a-ladministration-receptionniste\/#breadcrumb","itemListElement":[{"@type":"ListItem","position":1,"name":"Accueil","item":"https:\/\/cpschy.org\/"},{"@type":"ListItem","position":2,"name":"POSTE COMBL\u00c9 &#8211; Alerte emploi : Remplacement temporaire &#8211; Adjoint(e) \u00e0 l&rsquo;administration \/ r\u00e9ceptionniste"}]},{"@type":"WebSite","@id":"https:\/\/cpschy.org\/#website","url":"https:\/\/cpschy.org\/","name":"Centre de P\u00e9diatrie Sociale Communautaire de la Haute-Yamaska","description":"CPSCHY","publisher":{"@id":"https:\/\/cpschy.org\/#organization"},"potentialAction":[{"@type":"SearchAction","target":{"@type":"EntryPoint","urlTemplate":"https:\/\/cpschy.org\/?s={search_term_string}"},"query-input":{"@type":"PropertyValueSpecification","valueRequired":true,"valueName":"search_term_string"}}],"inLanguage":"en-CA"},{"@type":"Organization","@id":"https:\/\/cpschy.org\/#organization","name":"Centre de P\u00e9diatrie Sociale Communautaire de la Haute-Yamaska","url":"https:\/\/cpschy.org\/","logo":{"@type":"ImageObject","inLanguage":"en-CA","@id":"https:\/\/cpschy.org\/#\/schema\/logo\/image\/","url":"https:\/\/cpschy.org\/wp-content\/uploads\/2021\/04\/logo_web_cpschy.png","contentUrl":"https:\/\/cpschy.org\/wp-content\/uploads\/2021\/04\/logo_web_cpschy.png","width":1251,"height":341,"caption":"Centre de P\u00e9diatrie Sociale Communautaire de la Haute-Yamaska"},"image":{"@id":"https:\/\/cpschy.org\/#\/schema\/logo\/image\/"},"sameAs":["https:\/\/www.facebook.com\/CPSCHY\/"]},{"@type":"Person","@id":"https:\/\/cpschy.org\/#\/schema\/person\/3f13c8930a9c38b05909dee0b7d23a33","name":"Patricia Roy","image":{"@type":"ImageObject","inLanguage":"en-CA","@id":"https:\/\/secure.gravatar.com\/avatar\/e44bf8779911d70a2a2980200457b2fbe53764882982ee15b3299393f09ac38a?s=96&d=mm&r=g","url":"https:\/\/secure.gravatar.com\/avatar\/e44bf8779911d70a2a2980200457b2fbe53764882982ee15b3299393f09ac38a?s=96&d=mm&r=g","contentUrl":"https:\/\/secure.gravatar.com\/avatar\/e44bf8779911d70a2a2980200457b2fbe53764882982ee15b3299393f09ac38a?s=96&d=mm&r=g","caption":"Patricia Roy"},"url":"https:\/\/cpschy.org\/en\/author\/cohesionrh\/"}]}},"_links":{"self":[{"href":"https:\/\/cpschy.org\/en\/wp-json\/wp\/v2\/posts\/2085","targetHints":{"allow":["GET"]}}],"collection":[{"href":"https:\/\/cpschy.org\/en\/wp-json\/wp\/v2\/posts"}],"about":[{"href":"https:\/\/cpschy.org\/en\/wp-json\/wp\/v2\/types\/post"}],"author":[{"embeddable":true,"href":"https:\/\/cpschy.org\/en\/wp-json\/wp\/v2\/users\/7"}],"replies":[{"embeddable":true,"href":"https:\/\/cpschy.org\/en\/wp-json\/wp\/v2\/comments?post=2085"}],"version-history":[{"count":3,"href":"https:\/\/cpschy.org\/en\/wp-json\/wp\/v2\/posts\/2085\/revisions"}],"predecessor-version":[{"id":2094,"href":"https:\/\/cpschy.org\/en\/wp-json\/wp\/v2\/posts\/2085\/revisions\/2094"}],"wp:featuredmedia":[{"embeddable":true,"href":"https:\/\/cpschy.org\/en\/wp-json\/wp\/v2\/media\/2086"}],"wp:attachment":[{"href":"https:\/\/cpschy.org\/en\/wp-json\/wp\/v2\/media?parent=2085"}],"wp:term":[{"taxonomy":"category","embeddable":true,"href":"https:\/\/cpschy.org\/en\/wp-json\/wp\/v2\/categories?post=2085"},{"taxonomy":"post_tag","embeddable":true,"href":"https:\/\/cpschy.org\/en\/wp-json\/wp\/v2\/tags?post=2085"}],"curies":[{"name":"wp","href":"https:\/\/api.w.org\/{rel}","templated":true}]}}