{"id":2302,"date":"2024-05-15T10:43:49","date_gmt":"2024-05-15T14:43:49","guid":{"rendered":"https:\/\/cpschy.org\/?p=2302"},"modified":"2024-05-15T10:52:21","modified_gmt":"2024-05-15T14:52:21","slug":"evenement-relevez-les-defis-motion-pour-une-bonne-cause","status":"publish","type":"post","link":"https:\/\/cpschy.org\/en\/2024\/05\/15\/evenement-relevez-les-defis-motion-pour-une-bonne-cause\/","title":{"rendered":"\u00c9v\u00e9nement : Relevez les d\u00e9fis Motion pour une bonne cause!"},"content":{"rendered":"<p><strong>Le vendredi\u00a0 6 septembre, les entreprises de la r\u00e9gion sont invit\u00e9es \u00e0 venir Relever les d\u00e9fis Motion pour une bonne cause !\u00a0\u00a0<\/strong><\/p>\n<p>\u00c0 partir de midi, les \u00e9quipes auront la chance de relever des d\u00e9fis concoct\u00e9s sp\u00e9cialement pour cet \u00e9v\u00e9nement qui amassera des fonds pour le Centre de P\u00e9diatrie sociale de la Haute-Yamaska.<\/p>\n<p>Des challenges dans les installations du Motion permettront aux \u00e9quipes de cumuler des points afin d\u2019esp\u00e9rer atteindre la grande finale qui se tiendra le samedi 14 septembre.\u00a0 Pas besoin d\u2019\u00eatre un ninja pour participer \u00e0 cette activit\u00e9 hors du commun.\u00a0 La strat\u00e9gie, l\u2019analyse, la communication et l\u2019entraide seront tout autant importantes que la force et la rapidit\u00e9!<\/p>\n<p>Inscrivez-vous d\u00e8s maintenant pour vivre cette exp\u00e9rience unique!<\/p>\n<p>Pour plus d&rsquo;informations : <a href=\"https:\/\/motionpark.ca\/defis-motion-cpschy\/\">https:\/\/motionpark.ca\/defis-motion-cpschy\/<\/a><\/p>\n<p>Inscription \u00e0 <a href=\"mailto:dg@cpschy.org\">dg@cpschy.org<\/a><\/p>","protected":false},"excerpt":{"rendered":"<p>Le vendredi\u00a0 6 septembre, les entreprises de la r\u00e9gion sont invit\u00e9es \u00e0 venir Relever les d\u00e9fis Motion pour une bonne cause !\u00a0\u00a0 \u00c0 partir de midi, les \u00e9quipes auront la [&hellip;]<\/p>\n","protected":false},"author":7,"featured_media":2308,"comment_status":"open","ping_status":"closed","sticky":false,"template":"","format":"standard","meta":{"footnotes":""},"categories":[26],"tags":[],"class_list":["post-2302","post","type-post","status-publish","format-standard","has-post-thumbnail","hentry","category-non-classe-fr"],"yoast_head":"<!-- This site is optimized with the Yoast SEO plugin v27.5 - https:\/\/yoast.com\/product\/yoast-seo-wordpress\/ -->\n<title>\u00c9v\u00e9nement : Relevez les d\u00e9fis Motion pour une bonne cause! - Centre de P\u00e9diatrie Sociale Communautaire de la Haute-Yamaska<\/title>\n<meta name=\"robots\" content=\"index, follow, max-snippet:-1, max-image-preview:large, max-video-preview:-1\" \/>\n<link rel=\"canonical\" href=\"https:\/\/cpschy.org\/en\/2024\/05\/15\/evenement-relevez-les-defis-motion-pour-une-bonne-cause\/\" \/>\n<meta property=\"og:locale\" content=\"en_US\" \/>\n<meta property=\"og:type\" content=\"article\" \/>\n<meta property=\"og:title\" content=\"\u00c9v\u00e9nement : Relevez les d\u00e9fis Motion pour une bonne cause! - Centre de P\u00e9diatrie Sociale Communautaire de la Haute-Yamaska\" \/>\n<meta property=\"og:description\" content=\"Le vendredi\u00a0 6 septembre, les entreprises de la r\u00e9gion sont invit\u00e9es \u00e0 venir Relever les d\u00e9fis Motion pour une bonne cause !\u00a0\u00a0 \u00c0 partir de midi, les \u00e9quipes auront la [&hellip;]\" \/>\n<meta property=\"og:url\" content=\"https:\/\/cpschy.org\/en\/2024\/05\/15\/evenement-relevez-les-defis-motion-pour-une-bonne-cause\/\" \/>\n<meta property=\"og:site_name\" content=\"Centre de P\u00e9diatrie Sociale Communautaire de la Haute-Yamaska\" \/>\n<meta property=\"article:publisher\" content=\"https:\/\/www.facebook.com\/CPSCHY\/\" \/>\n<meta property=\"article:published_time\" content=\"2024-05-15T14:43:49+00:00\" \/>\n<meta property=\"article:modified_time\" content=\"2024-05-15T14:52:21+00:00\" \/>\n<meta property=\"og:image\" content=\"https:\/\/cpschy.org\/wp-content\/uploads\/2024\/05\/Creation-sans-titre-43.png\" \/>\n\t<meta property=\"og:image:width\" content=\"1920\" \/>\n\t<meta property=\"og:image:height\" content=\"1100\" \/>\n\t<meta property=\"og:image:type\" content=\"image\/png\" \/>\n<meta name=\"author\" content=\"Patricia Roy\" \/>\n<meta name=\"twitter:card\" content=\"summary_large_image\" \/>\n<meta name=\"twitter:label1\" content=\"Written by\" \/>\n\t<meta name=\"twitter:data1\" content=\"Patricia Roy\" \/>\n\t<meta name=\"twitter:label2\" content=\"Est. reading time\" \/>\n\t<meta name=\"twitter:data2\" content=\"1 minute\" \/>\n<script type=\"application\/ld+json\" class=\"yoast-schema-graph\">{\"@context\":\"https:\\\/\\\/schema.org\",\"@graph\":[{\"@type\":\"Article\",\"@id\":\"https:\\\/\\\/cpschy.org\\\/2024\\\/05\\\/15\\\/evenement-relevez-les-defis-motion-pour-une-bonne-cause\\\/#article\",\"isPartOf\":{\"@id\":\"https:\\\/\\\/cpschy.org\\\/2024\\\/05\\\/15\\\/evenement-relevez-les-defis-motion-pour-une-bonne-cause\\\/\"},\"author\":{\"name\":\"Patricia Roy\",\"@id\":\"https:\\\/\\\/cpschy.org\\\/#\\\/schema\\\/person\\\/3f13c8930a9c38b05909dee0b7d23a33\"},\"headline\":\"\u00c9v\u00e9nement : Relevez les d\u00e9fis Motion pour une bonne cause!\",\"datePublished\":\"2024-05-15T14:43:49+00:00\",\"dateModified\":\"2024-05-15T14:52:21+00:00\",\"mainEntityOfPage\":{\"@id\":\"https:\\\/\\\/cpschy.org\\\/2024\\\/05\\\/15\\\/evenement-relevez-les-defis-motion-pour-une-bonne-cause\\\/\"},\"wordCount\":150,\"commentCount\":0,\"publisher\":{\"@id\":\"https:\\\/\\\/cpschy.org\\\/#organization\"},\"image\":{\"@id\":\"https:\\\/\\\/cpschy.org\\\/2024\\\/05\\\/15\\\/evenement-relevez-les-defis-motion-pour-une-bonne-cause\\\/#primaryimage\"},\"thumbnailUrl\":\"https:\\\/\\\/cpschy.org\\\/wp-content\\\/uploads\\\/2024\\\/05\\\/Creation-sans-titre-43.png\",\"articleSection\":[\"Non class\u00e9\"],\"inLanguage\":\"en-CA\",\"potentialAction\":[{\"@type\":\"CommentAction\",\"name\":\"Comment\",\"target\":[\"https:\\\/\\\/cpschy.org\\\/2024\\\/05\\\/15\\\/evenement-relevez-les-defis-motion-pour-une-bonne-cause\\\/#respond\"]}]},{\"@type\":\"WebPage\",\"@id\":\"https:\\\/\\\/cpschy.org\\\/2024\\\/05\\\/15\\\/evenement-relevez-les-defis-motion-pour-une-bonne-cause\\\/\",\"url\":\"https:\\\/\\\/cpschy.org\\\/2024\\\/05\\\/15\\\/evenement-relevez-les-defis-motion-pour-une-bonne-cause\\\/\",\"name\":\"\u00c9v\u00e9nement : Relevez les d\u00e9fis Motion pour une bonne cause! - Centre de P\u00e9diatrie Sociale Communautaire de la Haute-Yamaska\",\"isPartOf\":{\"@id\":\"https:\\\/\\\/cpschy.org\\\/#website\"},\"primaryImageOfPage\":{\"@id\":\"https:\\\/\\\/cpschy.org\\\/2024\\\/05\\\/15\\\/evenement-relevez-les-defis-motion-pour-une-bonne-cause\\\/#primaryimage\"},\"image\":{\"@id\":\"https:\\\/\\\/cpschy.org\\\/2024\\\/05\\\/15\\\/evenement-relevez-les-defis-motion-pour-une-bonne-cause\\\/#primaryimage\"},\"thumbnailUrl\":\"https:\\\/\\\/cpschy.org\\\/wp-content\\\/uploads\\\/2024\\\/05\\\/Creation-sans-titre-43.png\",\"datePublished\":\"2024-05-15T14:43:49+00:00\",\"dateModified\":\"2024-05-15T14:52:21+00:00\",\"breadcrumb\":{\"@id\":\"https:\\\/\\\/cpschy.org\\\/2024\\\/05\\\/15\\\/evenement-relevez-les-defis-motion-pour-une-bonne-cause\\\/#breadcrumb\"},\"inLanguage\":\"en-CA\",\"potentialAction\":[{\"@type\":\"ReadAction\",\"target\":[\"https:\\\/\\\/cpschy.org\\\/2024\\\/05\\\/15\\\/evenement-relevez-les-defis-motion-pour-une-bonne-cause\\\/\"]}]},{\"@type\":\"ImageObject\",\"inLanguage\":\"en-CA\",\"@id\":\"https:\\\/\\\/cpschy.org\\\/2024\\\/05\\\/15\\\/evenement-relevez-les-defis-motion-pour-une-bonne-cause\\\/#primaryimage\",\"url\":\"https:\\\/\\\/cpschy.org\\\/wp-content\\\/uploads\\\/2024\\\/05\\\/Creation-sans-titre-43.png\",\"contentUrl\":\"https:\\\/\\\/cpschy.org\\\/wp-content\\\/uploads\\\/2024\\\/05\\\/Creation-sans-titre-43.png\",\"width\":1920,\"height\":1100},{\"@type\":\"BreadcrumbList\",\"@id\":\"https:\\\/\\\/cpschy.org\\\/2024\\\/05\\\/15\\\/evenement-relevez-les-defis-motion-pour-une-bonne-cause\\\/#breadcrumb\",\"itemListElement\":[{\"@type\":\"ListItem\",\"position\":1,\"name\":\"Accueil\",\"item\":\"https:\\\/\\\/cpschy.org\\\/\"},{\"@type\":\"ListItem\",\"position\":2,\"name\":\"\u00c9v\u00e9nement : Relevez les d\u00e9fis Motion pour une bonne cause!\"}]},{\"@type\":\"WebSite\",\"@id\":\"https:\\\/\\\/cpschy.org\\\/#website\",\"url\":\"https:\\\/\\\/cpschy.org\\\/\",\"name\":\"Centre de P\u00e9diatrie Sociale Communautaire de la Haute-Yamaska\",\"description\":\"CPSCHY\",\"publisher\":{\"@id\":\"https:\\\/\\\/cpschy.org\\\/#organization\"},\"potentialAction\":[{\"@type\":\"SearchAction\",\"target\":{\"@type\":\"EntryPoint\",\"urlTemplate\":\"https:\\\/\\\/cpschy.org\\\/?s={search_term_string}\"},\"query-input\":{\"@type\":\"PropertyValueSpecification\",\"valueRequired\":true,\"valueName\":\"search_term_string\"}}],\"inLanguage\":\"en-CA\"},{\"@type\":\"Organization\",\"@id\":\"https:\\\/\\\/cpschy.org\\\/#organization\",\"name\":\"Centre de P\u00e9diatrie Sociale Communautaire de la Haute-Yamaska\",\"url\":\"https:\\\/\\\/cpschy.org\\\/\",\"logo\":{\"@type\":\"ImageObject\",\"inLanguage\":\"en-CA\",\"@id\":\"https:\\\/\\\/cpschy.org\\\/#\\\/schema\\\/logo\\\/image\\\/\",\"url\":\"https:\\\/\\\/cpschy.org\\\/wp-content\\\/uploads\\\/2021\\\/04\\\/logo_web_cpschy.png\",\"contentUrl\":\"https:\\\/\\\/cpschy.org\\\/wp-content\\\/uploads\\\/2021\\\/04\\\/logo_web_cpschy.png\",\"width\":1251,\"height\":341,\"caption\":\"Centre de P\u00e9diatrie Sociale Communautaire de la Haute-Yamaska\"},\"image\":{\"@id\":\"https:\\\/\\\/cpschy.org\\\/#\\\/schema\\\/logo\\\/image\\\/\"},\"sameAs\":[\"https:\\\/\\\/www.facebook.com\\\/CPSCHY\\\/\"]},{\"@type\":\"Person\",\"@id\":\"https:\\\/\\\/cpschy.org\\\/#\\\/schema\\\/person\\\/3f13c8930a9c38b05909dee0b7d23a33\",\"name\":\"Patricia Roy\",\"image\":{\"@type\":\"ImageObject\",\"inLanguage\":\"en-CA\",\"@id\":\"https:\\\/\\\/secure.gravatar.com\\\/avatar\\\/e44bf8779911d70a2a2980200457b2fbe53764882982ee15b3299393f09ac38a?s=96&d=mm&r=g\",\"url\":\"https:\\\/\\\/secure.gravatar.com\\\/avatar\\\/e44bf8779911d70a2a2980200457b2fbe53764882982ee15b3299393f09ac38a?s=96&d=mm&r=g\",\"contentUrl\":\"https:\\\/\\\/secure.gravatar.com\\\/avatar\\\/e44bf8779911d70a2a2980200457b2fbe53764882982ee15b3299393f09ac38a?s=96&d=mm&r=g\",\"caption\":\"Patricia Roy\"},\"url\":\"https:\\\/\\\/cpschy.org\\\/en\\\/author\\\/cohesionrh\\\/\"}]}<\/script>\n<!-- \/ Yoast SEO plugin. -->","yoast_head_json":{"title":"\u00c9v\u00e9nement : Relevez les d\u00e9fis Motion pour une bonne cause! - Centre de P\u00e9diatrie Sociale Communautaire de la Haute-Yamaska","robots":{"index":"index","follow":"follow","max-snippet":"max-snippet:-1","max-image-preview":"max-image-preview:large","max-video-preview":"max-video-preview:-1"},"canonical":"https:\/\/cpschy.org\/en\/2024\/05\/15\/evenement-relevez-les-defis-motion-pour-une-bonne-cause\/","og_locale":"en_US","og_type":"article","og_title":"\u00c9v\u00e9nement : Relevez les d\u00e9fis Motion pour une bonne cause! - Centre de P\u00e9diatrie Sociale Communautaire de la Haute-Yamaska","og_description":"Le vendredi\u00a0 6 septembre, les entreprises de la r\u00e9gion sont invit\u00e9es \u00e0 venir Relever les d\u00e9fis Motion pour une bonne cause !\u00a0\u00a0 \u00c0 partir de midi, les \u00e9quipes auront la [&hellip;]","og_url":"https:\/\/cpschy.org\/en\/2024\/05\/15\/evenement-relevez-les-defis-motion-pour-une-bonne-cause\/","og_site_name":"Centre de P\u00e9diatrie Sociale Communautaire de la Haute-Yamaska","article_publisher":"https:\/\/www.facebook.com\/CPSCHY\/","article_published_time":"2024-05-15T14:43:49+00:00","article_modified_time":"2024-05-15T14:52:21+00:00","og_image":[{"width":1920,"height":1100,"url":"https:\/\/cpschy.org\/wp-content\/uploads\/2024\/05\/Creation-sans-titre-43.png","type":"image\/png"}],"author":"Patricia Roy","twitter_card":"summary_large_image","twitter_misc":{"Written by":"Patricia Roy","Est. reading time":"1 minute"},"schema":{"@context":"https:\/\/schema.org","@graph":[{"@type":"Article","@id":"https:\/\/cpschy.org\/2024\/05\/15\/evenement-relevez-les-defis-motion-pour-une-bonne-cause\/#article","isPartOf":{"@id":"https:\/\/cpschy.org\/2024\/05\/15\/evenement-relevez-les-defis-motion-pour-une-bonne-cause\/"},"author":{"name":"Patricia Roy","@id":"https:\/\/cpschy.org\/#\/schema\/person\/3f13c8930a9c38b05909dee0b7d23a33"},"headline":"\u00c9v\u00e9nement : Relevez les d\u00e9fis Motion pour une bonne cause!","datePublished":"2024-05-15T14:43:49+00:00","dateModified":"2024-05-15T14:52:21+00:00","mainEntityOfPage":{"@id":"https:\/\/cpschy.org\/2024\/05\/15\/evenement-relevez-les-defis-motion-pour-une-bonne-cause\/"},"wordCount":150,"commentCount":0,"publisher":{"@id":"https:\/\/cpschy.org\/#organization"},"image":{"@id":"https:\/\/cpschy.org\/2024\/05\/15\/evenement-relevez-les-defis-motion-pour-une-bonne-cause\/#primaryimage"},"thumbnailUrl":"https:\/\/cpschy.org\/wp-content\/uploads\/2024\/05\/Creation-sans-titre-43.png","articleSection":["Non class\u00e9"],"inLanguage":"en-CA","potentialAction":[{"@type":"CommentAction","name":"Comment","target":["https:\/\/cpschy.org\/2024\/05\/15\/evenement-relevez-les-defis-motion-pour-une-bonne-cause\/#respond"]}]},{"@type":"WebPage","@id":"https:\/\/cpschy.org\/2024\/05\/15\/evenement-relevez-les-defis-motion-pour-une-bonne-cause\/","url":"https:\/\/cpschy.org\/2024\/05\/15\/evenement-relevez-les-defis-motion-pour-une-bonne-cause\/","name":"\u00c9v\u00e9nement : Relevez les d\u00e9fis Motion pour une bonne cause! - Centre de P\u00e9diatrie Sociale Communautaire de la Haute-Yamaska","isPartOf":{"@id":"https:\/\/cpschy.org\/#website"},"primaryImageOfPage":{"@id":"https:\/\/cpschy.org\/2024\/05\/15\/evenement-relevez-les-defis-motion-pour-une-bonne-cause\/#primaryimage"},"image":{"@id":"https:\/\/cpschy.org\/2024\/05\/15\/evenement-relevez-les-defis-motion-pour-une-bonne-cause\/#primaryimage"},"thumbnailUrl":"https:\/\/cpschy.org\/wp-content\/uploads\/2024\/05\/Creation-sans-titre-43.png","datePublished":"2024-05-15T14:43:49+00:00","dateModified":"2024-05-15T14:52:21+00:00","breadcrumb":{"@id":"https:\/\/cpschy.org\/2024\/05\/15\/evenement-relevez-les-defis-motion-pour-une-bonne-cause\/#breadcrumb"},"inLanguage":"en-CA","potentialAction":[{"@type":"ReadAction","target":["https:\/\/cpschy.org\/2024\/05\/15\/evenement-relevez-les-defis-motion-pour-une-bonne-cause\/"]}]},{"@type":"ImageObject","inLanguage":"en-CA","@id":"https:\/\/cpschy.org\/2024\/05\/15\/evenement-relevez-les-defis-motion-pour-une-bonne-cause\/#primaryimage","url":"https:\/\/cpschy.org\/wp-content\/uploads\/2024\/05\/Creation-sans-titre-43.png","contentUrl":"https:\/\/cpschy.org\/wp-content\/uploads\/2024\/05\/Creation-sans-titre-43.png","width":1920,"height":1100},{"@type":"BreadcrumbList","@id":"https:\/\/cpschy.org\/2024\/05\/15\/evenement-relevez-les-defis-motion-pour-une-bonne-cause\/#breadcrumb","itemListElement":[{"@type":"ListItem","position":1,"name":"Accueil","item":"https:\/\/cpschy.org\/"},{"@type":"ListItem","position":2,"name":"\u00c9v\u00e9nement : Relevez les d\u00e9fis Motion pour une bonne cause!"}]},{"@type":"WebSite","@id":"https:\/\/cpschy.org\/#website","url":"https:\/\/cpschy.org\/","name":"Centre de P\u00e9diatrie Sociale Communautaire de la Haute-Yamaska","description":"CPSCHY","publisher":{"@id":"https:\/\/cpschy.org\/#organization"},"potentialAction":[{"@type":"SearchAction","target":{"@type":"EntryPoint","urlTemplate":"https:\/\/cpschy.org\/?s={search_term_string}"},"query-input":{"@type":"PropertyValueSpecification","valueRequired":true,"valueName":"search_term_string"}}],"inLanguage":"en-CA"},{"@type":"Organization","@id":"https:\/\/cpschy.org\/#organization","name":"Centre de P\u00e9diatrie Sociale Communautaire de la Haute-Yamaska","url":"https:\/\/cpschy.org\/","logo":{"@type":"ImageObject","inLanguage":"en-CA","@id":"https:\/\/cpschy.org\/#\/schema\/logo\/image\/","url":"https:\/\/cpschy.org\/wp-content\/uploads\/2021\/04\/logo_web_cpschy.png","contentUrl":"https:\/\/cpschy.org\/wp-content\/uploads\/2021\/04\/logo_web_cpschy.png","width":1251,"height":341,"caption":"Centre de P\u00e9diatrie Sociale Communautaire de la Haute-Yamaska"},"image":{"@id":"https:\/\/cpschy.org\/#\/schema\/logo\/image\/"},"sameAs":["https:\/\/www.facebook.com\/CPSCHY\/"]},{"@type":"Person","@id":"https:\/\/cpschy.org\/#\/schema\/person\/3f13c8930a9c38b05909dee0b7d23a33","name":"Patricia Roy","image":{"@type":"ImageObject","inLanguage":"en-CA","@id":"https:\/\/secure.gravatar.com\/avatar\/e44bf8779911d70a2a2980200457b2fbe53764882982ee15b3299393f09ac38a?s=96&d=mm&r=g","url":"https:\/\/secure.gravatar.com\/avatar\/e44bf8779911d70a2a2980200457b2fbe53764882982ee15b3299393f09ac38a?s=96&d=mm&r=g","contentUrl":"https:\/\/secure.gravatar.com\/avatar\/e44bf8779911d70a2a2980200457b2fbe53764882982ee15b3299393f09ac38a?s=96&d=mm&r=g","caption":"Patricia Roy"},"url":"https:\/\/cpschy.org\/en\/author\/cohesionrh\/"}]}},"_links":{"self":[{"href":"https:\/\/cpschy.org\/en\/wp-json\/wp\/v2\/posts\/2302","targetHints":{"allow":["GET"]}}],"collection":[{"href":"https:\/\/cpschy.org\/en\/wp-json\/wp\/v2\/posts"}],"about":[{"href":"https:\/\/cpschy.org\/en\/wp-json\/wp\/v2\/types\/post"}],"author":[{"embeddable":true,"href":"https:\/\/cpschy.org\/en\/wp-json\/wp\/v2\/users\/7"}],"replies":[{"embeddable":true,"href":"https:\/\/cpschy.org\/en\/wp-json\/wp\/v2\/comments?post=2302"}],"version-history":[{"count":5,"href":"https:\/\/cpschy.org\/en\/wp-json\/wp\/v2\/posts\/2302\/revisions"}],"predecessor-version":[{"id":2310,"href":"https:\/\/cpschy.org\/en\/wp-json\/wp\/v2\/posts\/2302\/revisions\/2310"}],"wp:featuredmedia":[{"embeddable":true,"href":"https:\/\/cpschy.org\/en\/wp-json\/wp\/v2\/media\/2308"}],"wp:attachment":[{"href":"https:\/\/cpschy.org\/en\/wp-json\/wp\/v2\/media?parent=2302"}],"wp:term":[{"taxonomy":"category","embeddable":true,"href":"https:\/\/cpschy.org\/en\/wp-json\/wp\/v2\/categories?post=2302"},{"taxonomy":"post_tag","embeddable":true,"href":"https:\/\/cpschy.org\/en\/wp-json\/wp\/v2\/tags?post=2302"}],"curies":[{"name":"wp","href":"https:\/\/api.w.org\/{rel}","templated":true}]}}